{"id":4514,"date":"2018-08-09T17:56:52","date_gmt":"2018-08-09T15:56:52","guid":{"rendered":"https:\/\/www.raiels.cat\/?p=4514"},"modified":"2018-08-09T18:05:53","modified_gmt":"2018-08-09T16:05:53","slug":"jornadas-genciana-2","status":"publish","type":"post","link":"https:\/\/www.raiels.cat\/es\/jornadas-genciana-2\/","title":{"rendered":"Jornada Experiencias de oleoturismo que inspiran y Seminarios para el dise\u00f1o de productos tur\u00edsticos colaborativos en base a la cadena de valor del aceite"},"content":{"rendered":"<p>El pr\u00f3ximo 20 de septiembre tendr\u00e1 lugar en el centro c\u00edvico de la Granadella, la <strong>Jornada Experiencias de oleoturismo que inspiran<\/strong> que tiene por objetivo dar a conocer experiencias de oleoturismo tanto del \u00e1mbito de les Garrigues y el Segri\u00e0 Sec como de todo el territorio catal\u00e1n y espa\u00f1ol, con referencias del Vall\u00e8s Oriental, C\u00f3rdoba, Ciudad Real o Mallorca, entre otros.<\/p>\n<p>Esta jornada se dirige tanto a productores de aceite de oliva interesados \u200b\u200ben las posibilidades que el oleoturismo puede representar para ellos como tambi\u00e9n a otros perfiles de profesionales del mundo del turismo; como restauradores, propietarios de alojamientos tur\u00edsticos, responsables de servicios tur\u00edsticos; y tambi\u00e9n a t\u00e9cnicos de la Administraci\u00f3n p\u00fablica, productores agroalimentarios y entidades y asociaciones relacionadas con la promoci\u00f3n tur\u00edstica del territorio, la gastronom\u00eda o el comercio local.<\/p>\n<p>Para complementar la jornada se realizar\u00e1n 4 <strong>seminarios de\u00a0 dise\u00f1o de productos tur\u00edsticos colaborativos en base a la cadena de valor del aceite<\/strong>. Los seminarios, que se dirigen a un perfil amplio de agentes locales que tengan o puedan tener vinculaci\u00f3n, precisamente, con la cadena de valor del aceite en un sentido muy transversal, tendr\u00e1n lugar en Arbeca, el 26 de septiembre; Torrebesses, el 27 de septiembre; La Pobla de C\u00e9rvoles, el 9 de octubre, y la Espluga Calba, el 10 de octubre.<\/p>\n<p>Los seminarios se centrar\u00e1n en la metodolog\u00eda basada en la cooperaci\u00f3n y colaboraci\u00f3n de diferentes agentes para dar a luz a los productos tur\u00edsticos en un proceso de creaci\u00f3n compartido.<\/p>\n<p>Tanto la jornada como los seminarios se enmarcan en el proyecto <strong>\u00abPotenciaci\u00f3n de la cadena de valor del aceite para generar innovaci\u00f3n econ\u00f3mica intersectorial en eas Garrigues y el Segri\u00e0 Sec\u00bb<\/strong> que se est\u00e1 implementando en el territorio durante este 2018, impulsado por el Consell Comarcal de les Garrigues y el Consell Comarcal del Segri\u00e0. Este proyecto est\u00e1 subvencionado por el Servicio P\u00fablico de Empleo de Catalu\u00f1a en el marco del Programa de proyectos innovadores y experimentales, y por el Departamento de Empresa y Empleo de la Generalidad de Catalu\u00f1a.<\/p>\n<p>Desde Raiels, en colaboraci\u00f3n con Co-empr\u00e8n, coordinamos tanto la jornada como los seminarios.<\/p>\n<p>Aqu\u00ed puede <a href=\"https:\/\/www.raiels.cat\/wp-content\/uploads\/2018\/08\/Jornada-oleoturisme-Garrigues-Segri\u00e0-Sec-20.09.18.-baixa.pdf\" target=\"_blank\" rel=\"noopener\">descargar el programa<\/a><\/p>\n<p>&nbsp;<\/p>\n","protected":false},"excerpt":{"rendered":"<p>El pr\u00f3ximo 20 de septiembre tendr\u00e1 lugar en el centro c\u00edvico de la Granadella, la Jornada Experiencias de oleoturismo que inspiran que tiene por objetivo dar a conocer experiencias de oleoturismo tanto del \u00e1mbito de les Garrigues y el Segri\u00e0 Sec como de todo el territorio catal\u00e1n y espa\u00f1ol, con referencias del Vall\u00e8s Oriental, C\u00f3rdoba, [&hellip;]<\/p>\n","protected":false},"author":3,"featured_media":4508,"comment_status":"closed","ping_status":"closed","sticky":false,"template":"","format":"standard","meta":{"inline_featured_image":false,"footnotes":""},"categories":[40],"tags":[],"class_list":["post-4514","post","type-post","status-publish","format-standard","hentry","category-noticias"],"_links":{"self":[{"href":"https:\/\/www.raiels.cat\/es\/wp-json\/wp\/v2\/posts\/4514","targetHints":{"allow":["GET"]}}],"collection":[{"href":"https:\/\/www.raiels.cat\/es\/wp-json\/wp\/v2\/posts"}],"about":[{"href":"https:\/\/www.raiels.cat\/es\/wp-json\/wp\/v2\/types\/post"}],"author":[{"embeddable":true,"href":"https:\/\/www.raiels.cat\/es\/wp-json\/wp\/v2\/users\/3"}],"replies":[{"embeddable":true,"href":"https:\/\/www.raiels.cat\/es\/wp-json\/wp\/v2\/comments?post=4514"}],"version-history":[{"count":4,"href":"https:\/\/www.raiels.cat\/es\/wp-json\/wp\/v2\/posts\/4514\/revisions"}],"predecessor-version":[{"id":4525,"href":"https:\/\/www.raiels.cat\/es\/wp-json\/wp\/v2\/posts\/4514\/revisions\/4525"}],"wp:featuredmedia":[{"embeddable":true,"href":"https:\/\/www.raiels.cat\/es\/wp-json\/wp\/v2\/media\/4508"}],"wp:attachment":[{"href":"https:\/\/www.raiels.cat\/es\/wp-json\/wp\/v2\/media?parent=4514"}],"wp:term":[{"taxonomy":"category","embeddable":true,"href":"https:\/\/www.raiels.cat\/es\/wp-json\/wp\/v2\/categories?post=4514"},{"taxonomy":"post_tag","embeddable":true,"href":"https:\/\/www.raiels.cat\/es\/wp-json\/wp\/v2\/tags?post=4514"}],"curies":[{"name":"wp","href":"https:\/\/api.w.org\/{rel}","templated":true}]}}