{"id":3177,"date":"2015-10-05T23:07:36","date_gmt":"2015-10-05T21:07:36","guid":{"rendered":"https:\/\/www.raiels.cat\/es\/?p=3177"},"modified":"2016-02-02T23:15:23","modified_gmt":"2016-02-02T21:15:23","slug":"jornada-taller-conoce-el-catalogo-de-experiencias-de-descubierta-de-los-productos-locales-del-parque-natural-del-cadi-moixerotural-del-cadi-moixero","status":"publish","type":"post","link":"https:\/\/www.raiels.cat\/es\/jornada-taller-conoce-el-catalogo-de-experiencias-de-descubierta-de-los-productos-locales-del-parque-natural-del-cadi-moixerotural-del-cadi-moixero\/","title":{"rendered":"Jornada-taller \u00abConoce el Cat\u00e1logo de experiencias de descubierta de los productos locales del Parque Natural del Cad\u00ed-Moixer\u00f3\u00bb"},"content":{"rendered":"<p>La sede del <a href=\"http:\/\/parcsnaturals.gencat.cat\/es\/cadi\">Parque Natural del Cad\u00ed-Moixer\u00f3<\/a>, en Bag\u00e0, ha acogido este lunes 5 de octubre la presentaci\u00f3n del Folleto-Directorio de empresas, que recoge el trabajo de 60 productores locales agroalimentarios y de artesanos de oficios de las comarcas del Alt Urgell, el Bergued\u00e0 y la Cerdanya, y del Cat\u00e1logo de experiencias de descubierta de los productos locales del Parque Natural del Cad\u00ed-Moixer\u00f3, que incluye hasta 20 experiencias de descubierta, dirigidas a los visitantes del Parque. Estos dos materiales promocionales han sido coordinados por el equipo t\u00e9cnico de Patrimonio Activo y de Raiels. A continuaci\u00f3n, se ha realizado una din\u00e1mica de trabajo entre productores y agentes de turismo del \u00e1mbito territorial del Parque, con la asistencia de una treintena de participantes, para facilitar el intercambio de informaci\u00f3n y el establecimiento de acuerdos y colaboraciones. La jornada ha finalizado con la visita a dos de las experiencias que se recogen en el cat\u00e1logo y ubicadas en Bag\u00e0: <a href=\"http:\/\/www.pollastresecologics.cat\/\">Ecoav\u00edcola<\/a>, pollastres del Bergued\u00e0 y el <a href=\"https:\/\/francesccisa.wordpress.com\/2015\/07\/13\/visita-guiada-a-les-pagines-5\/\">Taller-Museu Nan de Gegants.<\/a><\/p>\n","protected":false},"excerpt":{"rendered":"<p>La sede del Parque Natural del Cad\u00ed-Moixer\u00f3, en Bag\u00e0, ha acogido este lunes 5 de octubre la presentaci\u00f3n del Folleto-Directorio de empresas, que recoge el trabajo de 60 productores locales agroalimentarios y de artesanos de oficios de las comarcas del Alt Urgell, el Bergued\u00e0 y la Cerdanya, y del Cat\u00e1logo de experiencias de descubierta de [&hellip;]<\/p>\n","protected":false},"author":3,"featured_media":3180,"comment_status":"open","ping_status":"closed","sticky":false,"template":"","format":"standard","meta":{"inline_featured_image":false,"footnotes":""},"categories":[40],"tags":[],"class_list":["post-3177","post","type-post","status-publish","format-standard","hentry","category-noticias"],"_links":{"self":[{"href":"https:\/\/www.raiels.cat\/es\/wp-json\/wp\/v2\/posts\/3177","targetHints":{"allow":["GET"]}}],"collection":[{"href":"https:\/\/www.raiels.cat\/es\/wp-json\/wp\/v2\/posts"}],"about":[{"href":"https:\/\/www.raiels.cat\/es\/wp-json\/wp\/v2\/types\/post"}],"author":[{"embeddable":true,"href":"https:\/\/www.raiels.cat\/es\/wp-json\/wp\/v2\/users\/3"}],"replies":[{"embeddable":true,"href":"https:\/\/www.raiels.cat\/es\/wp-json\/wp\/v2\/comments?post=3177"}],"version-history":[{"count":2,"href":"https:\/\/www.raiels.cat\/es\/wp-json\/wp\/v2\/posts\/3177\/revisions"}],"predecessor-version":[{"id":3181,"href":"https:\/\/www.raiels.cat\/es\/wp-json\/wp\/v2\/posts\/3177\/revisions\/3181"}],"wp:featuredmedia":[{"embeddable":true,"href":"https:\/\/www.raiels.cat\/es\/wp-json\/wp\/v2\/media\/3180"}],"wp:attachment":[{"href":"https:\/\/www.raiels.cat\/es\/wp-json\/wp\/v2\/media?parent=3177"}],"wp:term":[{"taxonomy":"category","embeddable":true,"href":"https:\/\/www.raiels.cat\/es\/wp-json\/wp\/v2\/categories?post=3177"},{"taxonomy":"post_tag","embeddable":true,"href":"https:\/\/www.raiels.cat\/es\/wp-json\/wp\/v2\/tags?post=3177"}],"curies":[{"name":"wp","href":"https:\/\/api.w.org\/{rel}","templated":true}]}}